{"id":50,"date":"2010-10-30T15:22:55","date_gmt":"2010-10-30T13:22:55","guid":{"rendered":"http:\/\/www.artloevethierry.fr\/info\/?p=50"},"modified":"2015-07-31T20:28:20","modified_gmt":"2015-07-31T19:28:20","slug":"comptoir-de-cafe-en-metal-a-finition-oxydee","status":"publish","type":"post","link":"https:\/\/artloevethierry.fr\/info\/comptoir-de-cafe-en-metal-a-finition-oxydee-s50.html","title":{"rendered":"Comptoir de caf\u00e9 en m\u00e9tal \u00e0 finition oxyd\u00e9e"},"content":{"rendered":"<div id=\"attachment_51\" style=\"width: 198px\" class=\"wp-caption alignleft\"><a href=\"https:\/\/www.artloevethierry.fr\/info\/wp-content\/uploads\/2010\/10\/petit-comptoir.jpg\"><img loading=\"lazy\" decoding=\"async\" aria-describedby=\"caption-attachment-51\" class=\"size-medium wp-image-51 \" src=\"https:\/\/www.artloevethierry.fr\/info\/wp-content\/uploads\/2010\/10\/petit-comptoir-188x121.jpg\" alt=\"Comptoir de bar m\u00e9tallique \u00e0 patine oxyd\u00e9e\" width=\"188\" height=\"121\" srcset=\"https:\/\/artloevethierry.fr\/info\/wp-content\/uploads\/2010\/10\/petit-comptoir-188x121.jpg 188w, https:\/\/artloevethierry.fr\/info\/wp-content\/uploads\/2010\/10\/petit-comptoir.jpg 233w\" sizes=\"auto, (max-width: 188px) 100vw, 188px\" \/><\/a><p id=\"caption-attachment-51\" class=\"wp-caption-text\">Comptoir de bar m\u00e9tallique \u00e0 patine oxyd\u00e9e<\/p><\/div>\n<div id=\"attachment_52\" style=\"width: 198px\" class=\"wp-caption alignright\"><a href=\"https:\/\/www.artloevethierry.fr\/info\/wp-content\/uploads\/2010\/10\/comptoir-metal.jpg\"><img loading=\"lazy\" decoding=\"async\" aria-describedby=\"caption-attachment-52\" class=\"size-medium wp-image-52\" src=\"https:\/\/www.artloevethierry.fr\/info\/wp-content\/uploads\/2010\/10\/comptoir-metal-188x73.jpg\" alt=\"Patine oxyd\u00e9e d'un comptoir de caf\u00e9 (Nantes)\" width=\"188\" height=\"73\" srcset=\"https:\/\/artloevethierry.fr\/info\/wp-content\/uploads\/2010\/10\/comptoir-metal-188x73.jpg 188w, https:\/\/artloevethierry.fr\/info\/wp-content\/uploads\/2010\/10\/comptoir-metal.jpg 750w\" sizes=\"auto, (max-width: 188px) 100vw, 188px\" \/><\/a><p id=\"caption-attachment-52\" class=\"wp-caption-text\">Patine oxyd\u00e9e d&rsquo;un comptoir de caf\u00e9 (Nantes)<\/p><\/div>\n<p><strong>Ce comptoir <\/strong>a \u00e9t\u00e9 con\u00e7u pour l&rsquo;espace &lsquo;caf\u00e9&rsquo; d&rsquo;une <strong>librairie <\/strong>de BD nantaise \u00a0\u00bb <strong>Story-BD<\/strong> \u00ab\u00a0. J&rsquo;en ai confi\u00e9 <strong>le plan r\u00e9alis\u00e9 par mes soins <\/strong> \u00e0 un menuisier,\u00a0 M Besson, qui en a ex\u00e9cut\u00e9\u00a0 le\u00a0 squelette .<\/p>\n<p><strong>Mon travail<\/strong> sur la fa\u00e7ade\u00a0 de ce meuble\u00a0 \u00e0 \u00e9t\u00e9 r\u00e9alis\u00e9 \u00e0 partir de<strong> plaques de t\u00f4le<\/strong>, en partie de r\u00e9cup\u00e9ration,\u00a0 qui ont \u00e9t\u00e9 choisies ou <strong>travaill\u00e9es <\/strong>pour obtenir un patchwork donnant un aspect de surface proche du <strong>cuir<\/strong>. Le<strong> bandeau <\/strong>du bas a \u00e9t\u00e9 <strong>grav\u00e9s<\/strong> \u00e0 chaud par des <strong>motifs <\/strong>inspir\u00e9s de l&rsquo;art pari\u00e9tal australien et am\u00e9rindien.<\/p>\n<p><strong>Cette r\u00e9alisation<\/strong> est un \u00e9l\u00e9ment de la conception et de la r\u00e9alisation\u00a0 de <strong>l&rsquo;am\u00e9nagement et de la d\u00e9coration<\/strong> qui m&rsquo;avait \u00e9t\u00e9 confi\u00e9e pour <strong>l&rsquo;ensemble<\/strong> de cette librairie.( 300m2 sur 3 niveaux )<\/p>\n","protected":false},"excerpt":{"rendered":"<p>Comptoir de caf\u00e9 en t\u00f4le patin\u00e9e &lsquo;rouille&rsquo; destin\u00e9e \u00e0 une librairie nantaise. <a href=\"https:\/\/artloevethierry.fr\/info\/comptoir-de-cafe-en-metal-a-finition-oxydee-s50.html\">Continuer la lecture <span class=\"meta-nav\">&rarr;<\/span><\/a><\/p>\n","protected":false},"author":2,"featured_media":0,"comment_status":"open","ping_status":"open","sticky":false,"template":"","format":"standard","meta":{"footnotes":""},"categories":[5,83,85],"tags":[],"class_list":["post-50","post","type-post","status-publish","format-standard","hentry","category-amenagement","category-contemporain","category-mobilier"],"_links":{"self":[{"href":"https:\/\/artloevethierry.fr\/info\/wp-json\/wp\/v2\/posts\/50","targetHints":{"allow":["GET"]}}],"collection":[{"href":"https:\/\/artloevethierry.fr\/info\/wp-json\/wp\/v2\/posts"}],"about":[{"href":"https:\/\/artloevethierry.fr\/info\/wp-json\/wp\/v2\/types\/post"}],"author":[{"embeddable":true,"href":"https:\/\/artloevethierry.fr\/info\/wp-json\/wp\/v2\/users\/2"}],"replies":[{"embeddable":true,"href":"https:\/\/artloevethierry.fr\/info\/wp-json\/wp\/v2\/comments?post=50"}],"version-history":[{"count":9,"href":"https:\/\/artloevethierry.fr\/info\/wp-json\/wp\/v2\/posts\/50\/revisions"}],"predecessor-version":[{"id":871,"href":"https:\/\/artloevethierry.fr\/info\/wp-json\/wp\/v2\/posts\/50\/revisions\/871"}],"wp:attachment":[{"href":"https:\/\/artloevethierry.fr\/info\/wp-json\/wp\/v2\/media?parent=50"}],"wp:term":[{"taxonomy":"category","embeddable":true,"href":"https:\/\/artloevethierry.fr\/info\/wp-json\/wp\/v2\/categories?post=50"},{"taxonomy":"post_tag","embeddable":true,"href":"https:\/\/artloevethierry.fr\/info\/wp-json\/wp\/v2\/tags?post=50"}],"curies":[{"name":"wp","href":"https:\/\/api.w.org\/{rel}","templated":true}]}}